{"id":916,"date":"2023-04-26T23:16:00","date_gmt":"2023-04-26T23:16:00","guid":{"rendered":"https:\/\/www.jarvisuomenkylat.fi\/?post_type=news&#038;p=916"},"modified":"2023-04-28T23:17:07","modified_gmt":"2023-04-28T23:17:07","slug":"kutsu-ylimaaraiseen-yleiseen-kokoukseen","status":"publish","type":"news","link":"https:\/\/www.jarvisuomenkylat.fi\/index.php\/news\/kutsu-ylimaaraiseen-yleiseen-kokoukseen\/","title":{"rendered":"Kutsu ylim\u00e4\u00e4r\u00e4iseen yleiseen kokoukseen"},"content":{"rendered":"\n<p><strong>Kutsu J\u00e4rvi-Suomen kyl\u00e4t ry:n ylim\u00e4\u00e4r\u00e4inen<br>yleinen kokous<\/strong><br><br><strong>Aika:<\/strong> &nbsp;&nbsp;&nbsp;&nbsp;&nbsp;&nbsp;&nbsp;&nbsp;&nbsp;&nbsp; Torstaina 11.05.2023 klo 18<br><strong>Paikka:<\/strong> &nbsp;&nbsp;&nbsp;&nbsp;&nbsp;&nbsp; Et\u00e4yhteyden v\u00e4lityksell\u00e4 toteutettava kokous<br><strong>Linkki:&nbsp;&nbsp;&nbsp;&nbsp;&nbsp;&nbsp;&nbsp;&nbsp; <\/strong><a href=\"https:\/\/join.skype.com\/OgkC9lhih2Sc\">https:\/\/join.skype.com\/OgkC9lhih2Sc<\/a><\/p>\n\n\n\n<p><br>J\u00e4rvi-Suomen kyl\u00e4t ry:n kev\u00e4tkokouksessa 15.4. ei voitu k\u00e4sitell\u00e4 yhdistyksen tilinp\u00e4\u00e4t\u00f6st\u00e4 vuodelta 2022 eik\u00e4 tilintarkastajan lausuntoa. Tilip\u00e4\u00e4t\u00f6ksess\u00e4 ei ollut riitt\u00e4v\u00e4\u00e4 m\u00e4\u00e4r\u00e4\u00e4 hallituksen j\u00e4senten allekirjoituksia asiakirjan s\u00e4hk\u00f6isen allekirjoittamisen ongelmien vuoksi. Kokous p\u00e4\u00e4tti j\u00e4rjest\u00e4\u00e4 ylim\u00e4\u00e4r\u00e4isen yleisen kokouksen, jossa k\u00e4sitell\u00e4\u00e4n vain vuoden 2022 tilinp\u00e4\u00e4t\u00f6s, tilintarkastajan lausunto sek\u00e4 p\u00e4\u00e4tet\u00e4\u00e4n tilien hyv\u00e4ksymisest\u00e4 ja vastuuvapauden my\u00f6nt\u00e4misest\u00e4 tilivelvollisille.<\/p>\n\n\n\n<p>Kokoukseen osallistutaan vain et\u00e4yhteyden kautta.<br>Kokoukseen ei tarvitse ilmoittautua ennakkoon, mutta virallisten kokousedustajien valtakirjat tulee toimittaa s\u00e4hk\u00f6postilla 14.5. menness\u00e4 s\u00e4hk\u00f6postilla <a href=\"mailto:posti@jasky.fi\">posti@jasky.fi<\/a><\/p>\n\n\n\n<p>Tervetuloa!<br>Hallitus<strong><br><br><\/strong><\/p>\n\n\n\n<p><strong>Asialista<br><br><\/strong><strong><\/strong><\/p>\n\n\n\n<ol class=\"wp-block-list\" type=\"1\" start=\"1\">\n<li>Kokouksen avaus<\/li>\n\n\n\n<li>Valitaan kokouksen puheenjohtaja, sihteeri, kaksi p\u00f6yt\u00e4kirjantarkastajaa ja kaksi \u00e4\u00e4ntenlaskijaa<\/li>\n\n\n\n<li>Todetaan kokouksen laillisuus ja p\u00e4\u00e4t\u00f6svaltaisuus<\/li>\n\n\n\n<li>Hyv\u00e4ksyt\u00e4\u00e4n kokouksen ty\u00f6j\u00e4rjestys<\/li>\n\n\n\n<li>Esitell\u00e4\u00e4n edellisen toimintavuoden tilinp\u00e4\u00e4t\u00f6s ja tilintarkastajan lausunto.&nbsp; P\u00e4\u00e4tet\u00e4\u00e4n tilien hyv\u00e4ksymisest\u00e4 sek\u00e4 vastuuvapauden my\u00f6nt\u00e4misest\u00e4 tilivelvollisille (<a href=\"https:\/\/www.jarvisuomenkylat.fi\/wp-content\/uploads\/2023\/04\/Tilinpaatos_2022.pdf\">Linkki tilinp\u00e4\u00e4t\u00f6kseen<\/a>)<\/li>\n\n\n\n<li>Kokouksen p\u00e4\u00e4tt\u00e4minen<\/li>\n<\/ol>\n","protected":false},"excerpt":{"rendered":"<p>Kutsu J\u00e4rvi-Suomen kyl\u00e4t ry:n ylim\u00e4\u00e4r\u00e4inenyleinen kokous Aika: &nbsp;&nbsp;&nbsp;&nbsp;&nbsp;&nbsp;&nbsp;&nbsp;&nbsp;&nbsp; Torstaina 11.05.2023 klo 18Paikka: &nbsp;&nbsp;&nbsp;&nbsp;&nbsp;&nbsp; Et\u00e4yhteyden v\u00e4lityksell\u00e4 toteutettava kokousLinkki:&nbsp;&nbsp;&nbsp;&nbsp;&nbsp;&nbsp;&nbsp;&nbsp; https:\/\/join.skype.com\/OgkC9lhih2Sc J\u00e4rvi-Suomen kyl\u00e4t ry:n kev\u00e4tkokouksessa 15.4. ei voitu k\u00e4sitell\u00e4 yhdistyksen tilinp\u00e4\u00e4t\u00f6st\u00e4 vuodelta 2022 eik\u00e4 tilintarkastajan lausuntoa. Tilip\u00e4\u00e4t\u00f6ksess\u00e4 ei ollut riitt\u00e4v\u00e4\u00e4 m\u00e4\u00e4r\u00e4\u00e4 hallituksen j\u00e4senten allekirjoituksia asiakirjan s\u00e4hk\u00f6isen allekirjoittamisen ongelmien vuoksi. Kokous p\u00e4\u00e4tti j\u00e4rjest\u00e4\u00e4 ylim\u00e4\u00e4r\u00e4isen yleisen kokouksen, jossa k\u00e4sitell\u00e4\u00e4n vain [&hellip;]<\/p>\n","protected":false},"author":2,"featured_media":0,"comment_status":"open","ping_status":"closed","template":"","categories":[],"newstags":[],"class_list":["post-916","news","type-news","status-publish","czr-hentry"],"_links":{"self":[{"href":"https:\/\/www.jarvisuomenkylat.fi\/index.php\/wp-json\/wp\/v2\/news\/916","targetHints":{"allow":["GET"]}}],"collection":[{"href":"https:\/\/www.jarvisuomenkylat.fi\/index.php\/wp-json\/wp\/v2\/news"}],"about":[{"href":"https:\/\/www.jarvisuomenkylat.fi\/index.php\/wp-json\/wp\/v2\/types\/news"}],"author":[{"embeddable":true,"href":"https:\/\/www.jarvisuomenkylat.fi\/index.php\/wp-json\/wp\/v2\/users\/2"}],"replies":[{"embeddable":true,"href":"https:\/\/www.jarvisuomenkylat.fi\/index.php\/wp-json\/wp\/v2\/comments?post=916"}],"wp:attachment":[{"href":"https:\/\/www.jarvisuomenkylat.fi\/index.php\/wp-json\/wp\/v2\/media?parent=916"}],"wp:term":[{"taxonomy":"category","embeddable":true,"href":"https:\/\/www.jarvisuomenkylat.fi\/index.php\/wp-json\/wp\/v2\/categories?post=916"},{"taxonomy":"newstags","embeddable":true,"href":"https:\/\/www.jarvisuomenkylat.fi\/index.php\/wp-json\/wp\/v2\/newstags?post=916"}],"curies":[{"name":"wp","href":"https:\/\/api.w.org\/{rel}","templated":true}]}}