{"id":850,"date":"2022-11-17T22:49:56","date_gmt":"2022-11-17T22:49:56","guid":{"rendered":"https:\/\/www.jarvisuomenkylat.fi\/?post_type=news&#038;p=850"},"modified":"2022-11-17T22:52:34","modified_gmt":"2022-11-17T22:52:34","slug":"uusi-kylakirje-5-2022-on-luettavissa","status":"publish","type":"news","link":"https:\/\/www.jarvisuomenkylat.fi\/index.php\/news\/uusi-kylakirje-5-2022-on-luettavissa\/","title":{"rendered":"Uusi kyl\u00e4kirje 5\/2022 on luettavissa"},"content":{"rendered":"\n<p>Ilmoita kyl\u00e4si jouluinen kaikille avoin tapahtuma valtakunnalliselle Avoimet joulukyl\u00e4t kartalle.<br>Kyl\u00e4nne tapahtuma saa n\u00e4kyvyytt\u00e4 ja levit\u00e4tte samalla jouluista tunnelmaa joulukuun jokaisena p\u00e4iv\u00e4n\u00e4.<br>L\u00e4hde mukaan kehitt\u00e4m\u00e4\u00e4n ja tallentamaan kyl\u00e4nne aineetonta kulttuuriperint\u00f6\u00e4 &#8221;Kylien tarinat<br>her\u00e4\u00e4v\u00e4t eloon&#8221; -hankkeen avulla. Ilmoita kyl\u00e4si mukaan.<br>Lis\u00e4\u00e4 voit lukea uudesta <a href=\"https:\/\/www.jarvisuomenkylat.fi\/wp-content\/uploads\/2022\/11\/Jasky-kylakirje-5_2022.pdf\" data-type=\"URL\" data-id=\"https:\/\/www.jarvisuomenkylat.fi\/wp-content\/uploads\/2022\/11\/Jasky-kylakirje-5_2022.pdf\" target=\"_blank\" rel=\"noreferrer noopener\">J\u00e4rvi-Suomen kyl\u00e4t ry kyl\u00e4kirjeest\u00e4 5\/2022<\/a><br>K\u00e4y my\u00f6s tutustumassa Suomen Kyl\u00e4t ry:n julkaisemaan uutiskirjeeseen <a href=\"https:\/\/uutiskirje.suomenkylat.fi\/a\/s\/60195294-b3776bcc4b874f7aab3e356c3db184fb\/1374643\" data-type=\"URL\" data-id=\"https:\/\/uutiskirje.suomenkylat.fi\/a\/s\/60195294-b3776bcc4b874f7aab3e356c3db184fb\/1374643\">t\u00e4m\u00e4n linkin kautta<\/a>.<\/p>\n","protected":false},"excerpt":{"rendered":"<p>Ilmoita kyl\u00e4si jouluinen kaikille avoin tapahtuma valtakunnalliselle Avoimet joulukyl\u00e4t kartalle.Kyl\u00e4nne tapahtuma saa n\u00e4kyvyytt\u00e4 ja levit\u00e4tte samalla jouluista tunnelmaa joulukuun jokaisena p\u00e4iv\u00e4n\u00e4.L\u00e4hde mukaan kehitt\u00e4m\u00e4\u00e4n ja tallentamaan kyl\u00e4nne aineetonta kulttuuriperint\u00f6\u00e4 &#8221;Kylien tarinather\u00e4\u00e4v\u00e4t eloon&#8221; -hankkeen avulla. Ilmoita kyl\u00e4si mukaan.Lis\u00e4\u00e4 voit lukea uudesta J\u00e4rvi-Suomen kyl\u00e4t ry kyl\u00e4kirjeest\u00e4 5\/2022K\u00e4y my\u00f6s tutustumassa Suomen Kyl\u00e4t ry:n julkaisemaan uutiskirjeeseen t\u00e4m\u00e4n linkin kautta.<\/p>\n","protected":false},"author":2,"featured_media":0,"comment_status":"open","ping_status":"closed","template":"","categories":[],"newstags":[],"class_list":["post-850","news","type-news","status-publish","czr-hentry"],"_links":{"self":[{"href":"https:\/\/www.jarvisuomenkylat.fi\/index.php\/wp-json\/wp\/v2\/news\/850","targetHints":{"allow":["GET"]}}],"collection":[{"href":"https:\/\/www.jarvisuomenkylat.fi\/index.php\/wp-json\/wp\/v2\/news"}],"about":[{"href":"https:\/\/www.jarvisuomenkylat.fi\/index.php\/wp-json\/wp\/v2\/types\/news"}],"author":[{"embeddable":true,"href":"https:\/\/www.jarvisuomenkylat.fi\/index.php\/wp-json\/wp\/v2\/users\/2"}],"replies":[{"embeddable":true,"href":"https:\/\/www.jarvisuomenkylat.fi\/index.php\/wp-json\/wp\/v2\/comments?post=850"}],"wp:attachment":[{"href":"https:\/\/www.jarvisuomenkylat.fi\/index.php\/wp-json\/wp\/v2\/media?parent=850"}],"wp:term":[{"taxonomy":"category","embeddable":true,"href":"https:\/\/www.jarvisuomenkylat.fi\/index.php\/wp-json\/wp\/v2\/categories?post=850"},{"taxonomy":"newstags","embeddable":true,"href":"https:\/\/www.jarvisuomenkylat.fi\/index.php\/wp-json\/wp\/v2\/newstags?post=850"}],"curies":[{"name":"wp","href":"https:\/\/api.w.org\/{rel}","templated":true}]}}